{"id":825,"date":"2025-04-28T20:29:30","date_gmt":"2025-04-28T20:29:30","guid":{"rendered":"https:\/\/fundacionalto.org\/?p=825"},"modified":"2025-04-28T20:29:30","modified_gmt":"2025-04-28T20:29:30","slug":"bienvenidos-al-mundo-de-alti","status":"publish","type":"post","link":"https:\/\/fundacionalto.org\/index.php\/2025\/04\/28\/bienvenidos-al-mundo-de-alti\/","title":{"rendered":"Bienvenidos al Mundo de Alti"},"content":{"rendered":"\n<figure class=\"wp-block-image size-large is-resized\"><img loading=\"lazy\" decoding=\"async\" width=\"1024\" height=\"1024\" src=\"https:\/\/fundacionalto.org\/wp-content\/uploads\/2025\/04\/a08-1024x1024.jpg\" alt=\"\" class=\"wp-image-826\" style=\"width:500px\"\/><\/figure>\n\n\n\n<p>En Fundaci\u00f3n ALTO creemos en el poder de las historias.<\/p>\n\n\n\n<p>Hoy nace <em>El Mundo de Alti<\/em>: un espacio creado para acompa\u00f1ar, comprender y transformar la vida de ni\u00f1os, ni\u00f1as y adolescentes que viven con obesidad infantil.<\/p>\n\n\n\n<p>Alti no lucha contra su cuerpo.<\/p>\n\n\n\n<p>Alti aprende a escucharlo, respetarlo y caminar a su lado.<\/p>\n\n\n\n<p>Su mundo es un lugar donde la empat\u00eda pesa m\u00e1s que el juicio, y donde cada paso es una oportunidad para construir bienestar verdadero.<\/p>\n\n\n\n<p>Este es solo el comienzo.<\/p>\n\n\n\n<p>Bienvenidos a un viaje de transformaci\u00f3n, escucha y respeto.<\/p>\n\n\n\n<p>Bienvenidos al mundo donde cada historia importa.<\/p>\n\n\n\n<p>\ud83e\udd0d Fundaci\u00f3n ALTO<\/p>\n\n\n\n<p>Tratamiento de la Obesidad Infantil<\/p>\n\n\n\n<p>www.fundacionalto.org<\/p>\n","protected":false},"excerpt":{"rendered":"<p>En Fundaci\u00f3n ALTO creemos en el poder de las historias. Hoy nace El Mundo de Alti: un espacio creado para acompa\u00f1ar, comprender y transformar la vida de ni\u00f1os, ni\u00f1as y adolescentes que viven con obesidad infantil. Alti no lucha contra<\/p>\n","protected":false},"author":1,"featured_media":0,"comment_status":"open","ping_status":"open","sticky":false,"template":"","format":"standard","meta":{"footnotes":""},"categories":[1],"tags":[],"class_list":["post-825","post","type-post","status-publish","format-standard","hentry","category-sin-categoria"],"rttpg_featured_image_url":null,"rttpg_author":{"display_name":"fundacionaltoorg@gmail.com","author_link":"https:\/\/fundacionalto.org\/index.php\/author\/fundacionaltoorggmail-com\/"},"rttpg_comment":9,"rttpg_category":"<a href=\"https:\/\/fundacionalto.org\/index.php\/category\/sin-categoria\/\" rel=\"category tag\">Sin categor\u00eda<\/a>","rttpg_excerpt":"En Fundaci\u00f3n ALTO creemos en el poder de las historias. Hoy nace El Mundo de Alti: un espacio creado para acompa\u00f1ar, comprender y transformar la vida de ni\u00f1os, ni\u00f1as y adolescentes que viven con obesidad infantil. Alti no lucha contra","_links":{"self":[{"href":"https:\/\/fundacionalto.org\/index.php\/wp-json\/wp\/v2\/posts\/825","targetHints":{"allow":["GET"]}}],"collection":[{"href":"https:\/\/fundacionalto.org\/index.php\/wp-json\/wp\/v2\/posts"}],"about":[{"href":"https:\/\/fundacionalto.org\/index.php\/wp-json\/wp\/v2\/types\/post"}],"author":[{"embeddable":true,"href":"https:\/\/fundacionalto.org\/index.php\/wp-json\/wp\/v2\/users\/1"}],"replies":[{"embeddable":true,"href":"https:\/\/fundacionalto.org\/index.php\/wp-json\/wp\/v2\/comments?post=825"}],"version-history":[{"count":1,"href":"https:\/\/fundacionalto.org\/index.php\/wp-json\/wp\/v2\/posts\/825\/revisions"}],"predecessor-version":[{"id":827,"href":"https:\/\/fundacionalto.org\/index.php\/wp-json\/wp\/v2\/posts\/825\/revisions\/827"}],"wp:attachment":[{"href":"https:\/\/fundacionalto.org\/index.php\/wp-json\/wp\/v2\/media?parent=825"}],"wp:term":[{"taxonomy":"category","embeddable":true,"href":"https:\/\/fundacionalto.org\/index.php\/wp-json\/wp\/v2\/categories?post=825"},{"taxonomy":"post_tag","embeddable":true,"href":"https:\/\/fundacionalto.org\/index.php\/wp-json\/wp\/v2\/tags?post=825"}],"curies":[{"name":"wp","href":"https:\/\/api.w.org\/{rel}","templated":true}]}}